{"id":1842,"date":"2024-11-21T18:12:57","date_gmt":"2024-11-21T18:12:57","guid":{"rendered":"https:\/\/cordobaacelera.com.ar\/acentoglobal\/?p=1842"},"modified":"2025-12-16T18:16:16","modified_gmt":"2025-12-16T18:16:16","slug":"rondas-de-negocios-con-los-clusters-de-cordoba-acelera","status":"publish","type":"post","link":"https:\/\/cordobaacelera.com.ar\/acentoglobal\/rondas-de-negocios-con-los-clusters-de-cordoba-acelera\/","title":{"rendered":"Rondas de negocios con los clusters de C\u00f3rdoba Acelera"},"content":{"rendered":"\n<p>Con el objetivo de impulsar el desarrollo productivo de la Ciudad de C\u00f3rdoba y generar oportunidades de negocios, la red particip\u00f3 de dos rondas de negocios con <strong>dos clusters<\/strong> pertenecientes al ecosistema de <strong>C\u00f3rdoba Acelera<\/strong>.<\/p>\n\n\n\n<p>La primera se realiz\u00f3 el mi\u00e9rcoles 11 de octubre con el <strong>cluster C\u00f3rdoba Creativa<\/strong>, que nuclea a empresas que ofrecen diferentes servicios como publicidad, branding, dise\u00f1o y desarrollo web, estrategias digitales, entre otros. Participaron representantes de las diferentes empresas vinculadas al sector y miembros de la red.<\/p>\n\n\n\n<p>La segunda fue el 10 de octubre con el <strong>cluster de Localizaci\u00f3n e Interpretaci\u00f3n<\/strong> que ofrece soluciones como traducciones t\u00e9cnicas, legales o de marketing para empresas de todo el mundo. En ese encuentro se hizo hincapi\u00e9 en los beneficios que aporta contratar este tipo de servicios en C\u00f3rdoba. Participaron representantes de las empresas y miembros de la red. Ambas rondas se hicieron en formato speed meeting con el objetivo que ambas partes tuvieran la posibilidad de llevar adelante conversaciones 1 a 1.<\/p>\n\n\n\n<figure class=\"wp-block-image size-large\"><a href=\"https:\/\/cordobaacelera.com.ar\/acentoglobal\/wp-content\/uploads\/2024\/11\/WhatsApp-Image-2024-10-14-at-11.54.46-AM-1.jpeg\"><img fetchpriority=\"high\" decoding=\"async\" width=\"1024\" height=\"640\" src=\"https:\/\/cordobaacelera.com.ar\/acentoglobal\/wp-content\/uploads\/2024\/11\/WhatsApp-Image-2024-10-14-at-11.54.46-AM-1-1024x640.jpeg\" alt=\"\" class=\"wp-image-1846\" srcset=\"https:\/\/cordobaacelera.com.ar\/acentoglobal\/wp-content\/uploads\/2024\/11\/WhatsApp-Image-2024-10-14-at-11.54.46-AM-1-1024x640.jpeg 1024w, https:\/\/cordobaacelera.com.ar\/acentoglobal\/wp-content\/uploads\/2024\/11\/WhatsApp-Image-2024-10-14-at-11.54.46-AM-1-300x188.jpeg 300w, https:\/\/cordobaacelera.com.ar\/acentoglobal\/wp-content\/uploads\/2024\/11\/WhatsApp-Image-2024-10-14-at-11.54.46-AM-1-768x480.jpeg 768w, https:\/\/cordobaacelera.com.ar\/acentoglobal\/wp-content\/uploads\/2024\/11\/WhatsApp-Image-2024-10-14-at-11.54.46-AM-1-1536x960.jpeg 1536w, https:\/\/cordobaacelera.com.ar\/acentoglobal\/wp-content\/uploads\/2024\/11\/WhatsApp-Image-2024-10-14-at-11.54.46-AM-1.jpeg 1600w\" sizes=\"(max-width: 1024px) 100vw, 1024px\" \/><\/a><\/figure>\n","protected":false},"excerpt":{"rendered":"<p>Con el objetivo de impulsar el desarrollo productivo de la Ciudad de C\u00f3rdoba y generar oportunidades de negocios, la red particip\u00f3 de dos rondas de negocios con dos clusters pertenecientes al ecosistema de C\u00f3rdoba Acelera. La primera se realiz\u00f3 el mi\u00e9rcoles 11 de octubre con el cluster C\u00f3rdoba Creativa, que nuclea a empresas que ofrecen [&hellip;]<\/p>\n","protected":false},"author":3,"featured_media":1843,"comment_status":"closed","ping_status":"closed","sticky":false,"template":"","format":"standard","meta":{"_acf_changed":false,"footnotes":""},"categories":[7],"tags":[8,66,10,38,11,13,125],"class_list":["post-1842","post","type-post","status-publish","format-standard","has-post-thumbnail","hentry","category-novedades","tag-acento-global","tag-cluster","tag-cordoba","tag-cordoba-acelera","tag-cordobeses","tag-red","tag-ronda-de-negocios"],"acf":[],"_links":{"self":[{"href":"https:\/\/cordobaacelera.com.ar\/acentoglobal\/wp-json\/wp\/v2\/posts\/1842","targetHints":{"allow":["GET"]}}],"collection":[{"href":"https:\/\/cordobaacelera.com.ar\/acentoglobal\/wp-json\/wp\/v2\/posts"}],"about":[{"href":"https:\/\/cordobaacelera.com.ar\/acentoglobal\/wp-json\/wp\/v2\/types\/post"}],"author":[{"embeddable":true,"href":"https:\/\/cordobaacelera.com.ar\/acentoglobal\/wp-json\/wp\/v2\/users\/3"}],"replies":[{"embeddable":true,"href":"https:\/\/cordobaacelera.com.ar\/acentoglobal\/wp-json\/wp\/v2\/comments?post=1842"}],"version-history":[{"count":2,"href":"https:\/\/cordobaacelera.com.ar\/acentoglobal\/wp-json\/wp\/v2\/posts\/1842\/revisions"}],"predecessor-version":[{"id":1847,"href":"https:\/\/cordobaacelera.com.ar\/acentoglobal\/wp-json\/wp\/v2\/posts\/1842\/revisions\/1847"}],"wp:featuredmedia":[{"embeddable":true,"href":"https:\/\/cordobaacelera.com.ar\/acentoglobal\/wp-json\/wp\/v2\/media\/1843"}],"wp:attachment":[{"href":"https:\/\/cordobaacelera.com.ar\/acentoglobal\/wp-json\/wp\/v2\/media?parent=1842"}],"wp:term":[{"taxonomy":"category","embeddable":true,"href":"https:\/\/cordobaacelera.com.ar\/acentoglobal\/wp-json\/wp\/v2\/categories?post=1842"},{"taxonomy":"post_tag","embeddable":true,"href":"https:\/\/cordobaacelera.com.ar\/acentoglobal\/wp-json\/wp\/v2\/tags?post=1842"}],"curies":[{"name":"wp","href":"https:\/\/api.w.org\/{rel}","templated":true}]}}