{"id":1816,"date":"2024-08-02T15:58:26","date_gmt":"2024-08-02T15:58:26","guid":{"rendered":"https:\/\/cordobaacelera.com.ar\/acentoglobal\/?p=1816"},"modified":"2025-12-16T18:16:20","modified_gmt":"2025-12-16T18:16:20","slug":"intercambio-de-experiencias-en-innovacion-y-participacion-ciudadana-con-monterrey","status":"publish","type":"post","link":"https:\/\/cordobaacelera.com.ar\/acentoglobal\/intercambio-de-experiencias-en-innovacion-y-participacion-ciudadana-con-monterrey\/","title":{"rendered":"Intercambio de experiencias en innovaci\u00f3n y participaci\u00f3n ciudadana con Monterrey"},"content":{"rendered":"\n<p>Junto a<strong> Cintia Smith<\/strong>, miembro de nuestra red y subsecretaria de Innovaci\u00f3n y Gobierno Abierto de Monterrey (M\u00e9xico), compartimos un espacio de intercambio de experiencias y de formaci\u00f3n de pol\u00edticas p\u00fablicas con eje en participaci\u00f3n ciudadana. La funcionaria estuvo acompa\u00f1ada por<strong> Tania Chavarr\u00eda<\/strong>, coordinadora de Presupuesto Participativo de Monterrey y <strong>M\u00f3nica Medell\u00edn<\/strong>, coordinadora de Transparencia Proactiva de Monterrey.<\/p>\n\n\n\n<p>Del encuentro participaron representantes del equipo de Estudios Estrat\u00e9gicos de C\u00f3rdoba Acelera, funcionarios p\u00fablicos y profesionales vinculados a ese sector. Uno de los objetivos del encuentro fue que los presentes conozcan la gesti\u00f3n que realiz\u00f3 Monterrey para llevar adelante dos de sus proyectos m\u00e1s importantes:<strong> Decidimos<\/strong>, una plataforma en la que los vecinos de la ciudad proponen y votan proyectos que tienen asignado un presupuesto previo; e iniciativas de Participaci\u00f3n Ciudadana.<\/p>\n\n\n\n<p>\u00abSe pueden hacer pol\u00edticas p\u00fablicas, bien planificadas, muy profesionales y al mismo tiempo bien ciudadanizadas. El reto es muy grande como se dan cuenta. La gente no sabe ni qu\u00e9 significa participaci\u00f3n ciudadana\u00bb, expres\u00f3 Smith.<\/p>\n\n\n\n<figure class=\"wp-block-embed is-type-video is-provider-youtube wp-block-embed-youtube wp-embed-aspect-16-9 wp-has-aspect-ratio\"><div class=\"wp-block-embed__wrapper\">\n<iframe title=\"Intercambio con Monterrey sobre Participaci\u00f3n Ciudadana y Gobierno Abierto\" width=\"500\" height=\"281\" src=\"https:\/\/www.youtube.com\/embed\/bVOtyRB23CE?start=28&#038;feature=oembed\" frameborder=\"0\" allow=\"accelerometer; autoplay; clipboard-write; encrypted-media; gyroscope; picture-in-picture; web-share\" referrerpolicy=\"strict-origin-when-cross-origin\" allowfullscreen><\/iframe>\n<\/div><\/figure>\n\n\n\n<p><\/p>\n","protected":false},"excerpt":{"rendered":"<p>Junto a Cintia Smith, miembro de nuestra red y subsecretaria de Innovaci\u00f3n y Gobierno Abierto de Monterrey (M\u00e9xico), compartimos un espacio de intercambio de experiencias y de formaci\u00f3n de pol\u00edticas p\u00fablicas con eje en participaci\u00f3n ciudadana. La funcionaria estuvo acompa\u00f1ada por Tania Chavarr\u00eda, coordinadora de Presupuesto Participativo de Monterrey y M\u00f3nica Medell\u00edn, coordinadora de Transparencia [&hellip;]<\/p>\n","protected":false},"author":3,"featured_media":1820,"comment_status":"closed","ping_status":"open","sticky":false,"template":"","format":"standard","meta":{"_acf_changed":false,"footnotes":""},"categories":[1],"tags":[8,10,11,123,31,122,33,13],"class_list":["post-1816","post","type-post","status-publish","format-standard","has-post-thumbnail","hentry","category-uncategorized","tag-acento-global","tag-cordoba","tag-cordobeses","tag-mexico","tag-miembros","tag-monterrey","tag-mundo","tag-red"],"acf":[],"_links":{"self":[{"href":"https:\/\/cordobaacelera.com.ar\/acentoglobal\/wp-json\/wp\/v2\/posts\/1816","targetHints":{"allow":["GET"]}}],"collection":[{"href":"https:\/\/cordobaacelera.com.ar\/acentoglobal\/wp-json\/wp\/v2\/posts"}],"about":[{"href":"https:\/\/cordobaacelera.com.ar\/acentoglobal\/wp-json\/wp\/v2\/types\/post"}],"author":[{"embeddable":true,"href":"https:\/\/cordobaacelera.com.ar\/acentoglobal\/wp-json\/wp\/v2\/users\/3"}],"replies":[{"embeddable":true,"href":"https:\/\/cordobaacelera.com.ar\/acentoglobal\/wp-json\/wp\/v2\/comments?post=1816"}],"version-history":[{"count":1,"href":"https:\/\/cordobaacelera.com.ar\/acentoglobal\/wp-json\/wp\/v2\/posts\/1816\/revisions"}],"predecessor-version":[{"id":1818,"href":"https:\/\/cordobaacelera.com.ar\/acentoglobal\/wp-json\/wp\/v2\/posts\/1816\/revisions\/1818"}],"wp:featuredmedia":[{"embeddable":true,"href":"https:\/\/cordobaacelera.com.ar\/acentoglobal\/wp-json\/wp\/v2\/media\/1820"}],"wp:attachment":[{"href":"https:\/\/cordobaacelera.com.ar\/acentoglobal\/wp-json\/wp\/v2\/media?parent=1816"}],"wp:term":[{"taxonomy":"category","embeddable":true,"href":"https:\/\/cordobaacelera.com.ar\/acentoglobal\/wp-json\/wp\/v2\/categories?post=1816"},{"taxonomy":"post_tag","embeddable":true,"href":"https:\/\/cordobaacelera.com.ar\/acentoglobal\/wp-json\/wp\/v2\/tags?post=1816"}],"curies":[{"name":"wp","href":"https:\/\/api.w.org\/{rel}","templated":true}]}}