{"id":1811,"date":"2024-08-06T15:30:46","date_gmt":"2024-08-06T15:30:46","guid":{"rendered":"https:\/\/cordobaacelera.com.ar\/acentoglobal\/?p=1811"},"modified":"2025-12-16T18:16:19","modified_gmt":"2025-12-16T18:16:19","slug":"difundimos-las-oportunidades-de-formacion-internacional-para-estudiantes-y-profesionales-cordobeses","status":"publish","type":"post","link":"https:\/\/cordobaacelera.com.ar\/acentoglobal\/difundimos-las-oportunidades-de-formacion-internacional-para-estudiantes-y-profesionales-cordobeses\/","title":{"rendered":"Difundimos las oportunidades de formaci\u00f3n internacional para estudiantes y profesionales cordobeses"},"content":{"rendered":"\n<p>En el marco del mes de la internacionalizaci\u00f3n de Acento Global, realizamos un encuentro para difundir las ofertas de becas internacionales que hay disponibles para profesionales y estudiantes cordobeses.<\/p>\n\n\n\n<p><strong>Bah\u00eda Gatti<\/strong>, Becaria Fulbright para el M\u00e1ster en International Affairs de la Universidad de Columbia (Nueva York); y <strong>Mar\u00eda de los \u00c1ngeles Lasa<\/strong>, ex-becaria Chevening para el M\u00e1ster en Public Policy en la Universidad de Oxford (Inglaterra) fueron dos de las oradoras que representaron a la red y contaron su experiencia. El panel se complet\u00f3 con <strong>Julia Sassano<\/strong>, representante de Santander Universidades Argentina; <strong>Nuria Jazm\u00edn Pasos<\/strong>, como parte de la red de Puntos Focales de las becas ERASMUS, de la Uni\u00f3n Europea, en Argentina y<strong> Laura Porrini<\/strong>, embajadora Chevening en C\u00f3rdoba, a cargo de la difusi\u00f3n de esta beca para el Reino Unido en nuestra ciudad. Tambi\u00e9n estuvo presente <strong>Pamela Maggi<\/strong>, Chevening Programme Officer en la Embajada Brit\u00e1nica en Argentina. La moderaci\u00f3n del encuentro estuvo a cargo de <strong>Lucas Elettore<\/strong>, CEO de Lufindo y tambi\u00e9n miembro de nuestra red.<\/p>\n\n\n\n<figure class=\"wp-block-image size-large\"><a href=\"https:\/\/cordobaacelera.com.ar\/acentoglobal\/wp-content\/uploads\/2024\/08\/IMG_0625.png\"><img fetchpriority=\"high\" decoding=\"async\" width=\"1024\" height=\"768\" src=\"https:\/\/cordobaacelera.com.ar\/acentoglobal\/wp-content\/uploads\/2024\/08\/IMG_0625-1024x768.png\" alt=\"\" class=\"wp-image-1814\" srcset=\"https:\/\/cordobaacelera.com.ar\/acentoglobal\/wp-content\/uploads\/2024\/08\/IMG_0625-1024x768.png 1024w, https:\/\/cordobaacelera.com.ar\/acentoglobal\/wp-content\/uploads\/2024\/08\/IMG_0625-300x225.png 300w, https:\/\/cordobaacelera.com.ar\/acentoglobal\/wp-content\/uploads\/2024\/08\/IMG_0625-768x576.png 768w, https:\/\/cordobaacelera.com.ar\/acentoglobal\/wp-content\/uploads\/2024\/08\/IMG_0625-1536x1152.png 1536w, https:\/\/cordobaacelera.com.ar\/acentoglobal\/wp-content\/uploads\/2024\/08\/IMG_0625-2048x1536.png 2048w\" sizes=\"(max-width: 1024px) 100vw, 1024px\" \/><\/a><figcaption class=\"wp-element-caption\"><em>Lucas Elettore y Bah\u00eda Gatti contaron sus experiencias como becarios <\/em><\/figcaption><\/figure>\n\n\n\n<p>\u00abNo es chiste, yo siempre lo digo. Me deben haber rechazado m\u00e1s veces de las veces que consegu\u00ed el s\u00ed. Obviamente llor\u00e9 los primeros a\u00f1os pero despu\u00e9s se vuelve m\u00e1s f\u00e1cil. Es como un c\u00edrculo vicioso\u00bb, dijo Bah\u00eda Gatti. y argument\u00f3 que la primera beca es la m\u00e1s dificultosa.<\/p>\n\n\n\n<p>Por su parte, Lasa explic\u00f3 que cuando ella aplic\u00f3 a Chevening ten\u00eda 25 posibilidades de recibir un \u00abno\u00bb. \u00abLo que hay que entender es que para cada edad hay una etapa.\u00bb, dijo y dio argumentos sobre la importancia de llevar adelante una estrategia \u00abescalonada\u00bb.<\/p>\n\n\n\n<p>De esta instancia participaron desde estudiantes universitarios hasta profesionales con inter\u00e9s a postularse a diferentes becas. En total estuvieron presentes <strong>m\u00e1s de 100 personas <\/strong>tanto de forma virtual como presencial.<\/p>\n\n\n\n<figure class=\"wp-block-embed is-type-video is-provider-youtube wp-block-embed-youtube wp-embed-aspect-16-9 wp-has-aspect-ratio\"><div class=\"wp-block-embed__wrapper\">\n<iframe title=\"Ciclo de internacionalizaci\u00f3n: &quot;Becas de estudio y formaci\u00f3n: Oportunidades y experiencias\u2019\u2019\" width=\"500\" height=\"281\" src=\"https:\/\/www.youtube.com\/embed\/qUmtodkYUWI?start=3&#038;feature=oembed\" frameborder=\"0\" allow=\"accelerometer; autoplay; clipboard-write; encrypted-media; gyroscope; picture-in-picture; web-share\" referrerpolicy=\"strict-origin-when-cross-origin\" allowfullscreen><\/iframe>\n<\/div><\/figure>\n\n\n\n<p><\/p>\n","protected":false},"excerpt":{"rendered":"<p>En el marco del mes de la internacionalizaci\u00f3n de Acento Global, realizamos un encuentro para difundir las ofertas de becas internacionales que hay disponibles para profesionales y estudiantes cordobeses. Bah\u00eda Gatti, Becaria Fulbright para el M\u00e1ster en International Affairs de la Universidad de Columbia (Nueva York); y Mar\u00eda de los \u00c1ngeles Lasa, ex-becaria Chevening para [&hellip;]<\/p>\n","protected":false},"author":3,"featured_media":1813,"comment_status":"closed","ping_status":"open","sticky":false,"template":"","format":"standard","meta":{"_acf_changed":false,"footnotes":""},"categories":[7],"tags":[8,121,10,11,119,31,33,13],"class_list":["post-1811","post","type-post","status-publish","format-standard","has-post-thumbnail","hentry","category-novedades","tag-acento-global","tag-becas","tag-cordoba","tag-cordobeses","tag-internacionalizacion","tag-miembros","tag-mundo","tag-red"],"acf":[],"_links":{"self":[{"href":"https:\/\/cordobaacelera.com.ar\/acentoglobal\/wp-json\/wp\/v2\/posts\/1811","targetHints":{"allow":["GET"]}}],"collection":[{"href":"https:\/\/cordobaacelera.com.ar\/acentoglobal\/wp-json\/wp\/v2\/posts"}],"about":[{"href":"https:\/\/cordobaacelera.com.ar\/acentoglobal\/wp-json\/wp\/v2\/types\/post"}],"author":[{"embeddable":true,"href":"https:\/\/cordobaacelera.com.ar\/acentoglobal\/wp-json\/wp\/v2\/users\/3"}],"replies":[{"embeddable":true,"href":"https:\/\/cordobaacelera.com.ar\/acentoglobal\/wp-json\/wp\/v2\/comments?post=1811"}],"version-history":[{"count":1,"href":"https:\/\/cordobaacelera.com.ar\/acentoglobal\/wp-json\/wp\/v2\/posts\/1811\/revisions"}],"predecessor-version":[{"id":1815,"href":"https:\/\/cordobaacelera.com.ar\/acentoglobal\/wp-json\/wp\/v2\/posts\/1811\/revisions\/1815"}],"wp:featuredmedia":[{"embeddable":true,"href":"https:\/\/cordobaacelera.com.ar\/acentoglobal\/wp-json\/wp\/v2\/media\/1813"}],"wp:attachment":[{"href":"https:\/\/cordobaacelera.com.ar\/acentoglobal\/wp-json\/wp\/v2\/media?parent=1811"}],"wp:term":[{"taxonomy":"category","embeddable":true,"href":"https:\/\/cordobaacelera.com.ar\/acentoglobal\/wp-json\/wp\/v2\/categories?post=1811"},{"taxonomy":"post_tag","embeddable":true,"href":"https:\/\/cordobaacelera.com.ar\/acentoglobal\/wp-json\/wp\/v2\/tags?post=1811"}],"curies":[{"name":"wp","href":"https:\/\/api.w.org\/{rel}","templated":true}]}}