{"id":1755,"date":"2024-04-18T17:30:00","date_gmt":"2024-04-18T17:30:00","guid":{"rendered":"https:\/\/cordobaacelera.com.ar\/acentoglobal\/?p=1755"},"modified":"2025-12-16T18:16:24","modified_gmt":"2025-12-16T18:16:24","slug":"con-mas-de-250-participantes-se-llevo-adelante-el-1er-congreso-de-nomades-digitales-en-cordoba","status":"publish","type":"post","link":"https:\/\/cordobaacelera.com.ar\/acentoglobal\/con-mas-de-250-participantes-se-llevo-adelante-el-1er-congreso-de-nomades-digitales-en-cordoba\/","title":{"rendered":"Con m\u00e1s de 250 participantes, se llev\u00f3 adelante el 1er Congreso de N\u00f3mades Digitales en C\u00f3rdoba"},"content":{"rendered":"\n<p>El pasado 18 de abril se realiz\u00f3 en C\u00f3rdoba el<strong> 1er Congreso de Digital Nomads <\/strong>de la mano del programa <a href=\"https:\/\/nomadscordoba.com\/\" rel=\"noopener\">Digital Nomads<\/a> que impulsa C\u00f3rdoba Acelera y que busca posicionar a la ciudad como un lugar atractivo para j\u00f3venes talentos que trabajan y viajan por el mundo.<\/p>\n\n\n\n<p>El evento estuvo encabezado por el intendente de la ciudad, <strong>Daniel Passerini,<\/strong> y recibi\u00f3 el reconocimiento por parte del Concejo Deliberante de C\u00f3rdoba. \u201cEste evento es una experiencia que va a enriquecer la ciudad. Queremos que los n\u00f3mades vivan la ciudad de C\u00f3rdoba y que la disfruten\u201d, dijo el funcionario ante m\u00e1s de 250 asistentes, tanto presenciales como virtuales.<\/p>\n\n\n\n<p>El 1er Congreso de N\u00f3mades cont\u00f3 con bloques y paneles que abordaron la gesti\u00f3n del talento y trabajo remoto, sesiones sobre cultura y turismo local y experiencias en otras ciudades. Participaron referentes del sector privado, n\u00f3mades digitales que se encuentran de visita en la ciudad y especialistas en la tem\u00e1tica de otros pa\u00edses, en una oportunidad de generar un espacio de aprendizaje, inspiraci\u00f3n y conexi\u00f3n para estudiantes, profesionales, autoridades y n\u00f3mades digitales interesados.<\/p>\n\n\n\n<p><\/p>\n","protected":false},"excerpt":{"rendered":"<p>El pasado 18 de abril se realiz\u00f3 en C\u00f3rdoba el 1er Congreso de Digital Nomads de la mano del programa Digital Nomads que impulsa C\u00f3rdoba Acelera y que busca posicionar a la ciudad como un lugar atractivo para j\u00f3venes talentos que trabajan y viajan por el mundo. El evento estuvo encabezado por el intendente de [&hellip;]<\/p>\n","protected":false},"author":3,"featured_media":1761,"comment_status":"closed","ping_status":"open","sticky":false,"template":"","format":"standard","meta":{"_acf_changed":false,"footnotes":""},"categories":[7],"tags":[8,108,10,64,109],"class_list":["post-1755","post","type-post","status-publish","format-standard","has-post-thumbnail","hentry","category-novedades","tag-acento-global","tag-congreso","tag-cordoba","tag-digital-nomads","tag-evento"],"acf":[],"_links":{"self":[{"href":"https:\/\/cordobaacelera.com.ar\/acentoglobal\/wp-json\/wp\/v2\/posts\/1755","targetHints":{"allow":["GET"]}}],"collection":[{"href":"https:\/\/cordobaacelera.com.ar\/acentoglobal\/wp-json\/wp\/v2\/posts"}],"about":[{"href":"https:\/\/cordobaacelera.com.ar\/acentoglobal\/wp-json\/wp\/v2\/types\/post"}],"author":[{"embeddable":true,"href":"https:\/\/cordobaacelera.com.ar\/acentoglobal\/wp-json\/wp\/v2\/users\/3"}],"replies":[{"embeddable":true,"href":"https:\/\/cordobaacelera.com.ar\/acentoglobal\/wp-json\/wp\/v2\/comments?post=1755"}],"version-history":[{"count":5,"href":"https:\/\/cordobaacelera.com.ar\/acentoglobal\/wp-json\/wp\/v2\/posts\/1755\/revisions"}],"predecessor-version":[{"id":1807,"href":"https:\/\/cordobaacelera.com.ar\/acentoglobal\/wp-json\/wp\/v2\/posts\/1755\/revisions\/1807"}],"wp:featuredmedia":[{"embeddable":true,"href":"https:\/\/cordobaacelera.com.ar\/acentoglobal\/wp-json\/wp\/v2\/media\/1761"}],"wp:attachment":[{"href":"https:\/\/cordobaacelera.com.ar\/acentoglobal\/wp-json\/wp\/v2\/media?parent=1755"}],"wp:term":[{"taxonomy":"category","embeddable":true,"href":"https:\/\/cordobaacelera.com.ar\/acentoglobal\/wp-json\/wp\/v2\/categories?post=1755"},{"taxonomy":"post_tag","embeddable":true,"href":"https:\/\/cordobaacelera.com.ar\/acentoglobal\/wp-json\/wp\/v2\/tags?post=1755"}],"curies":[{"name":"wp","href":"https:\/\/api.w.org\/{rel}","templated":true}]}}