{"id":1455,"date":"2023-09-25T13:36:23","date_gmt":"2023-09-25T13:36:23","guid":{"rendered":"https:\/\/cordobaacelera.com.ar\/acentoglobal\/?p=1455"},"modified":"2023-11-21T18:28:52","modified_gmt":"2023-11-21T18:28:52","slug":"intercambio-entre-ciudad-de-mexico-y-ciudad-de-cordoba-por-la-economia-circular","status":"publish","type":"post","link":"https:\/\/cordobaacelera.com.ar\/acentoglobal\/intercambio-entre-ciudad-de-mexico-y-ciudad-de-cordoba-por-la-economia-circular\/","title":{"rendered":"Intercambio entre Ciudad de M\u00e9xico y Ciudad de C\u00f3rdoba por la Econom\u00eda Circular"},"content":{"rendered":"\n<p>El lunes 25 de septiembre organizamos un encuentro entre la Secretar\u00eda de Desarrollo Econ\u00f3mico de Ciudad de M\u00e9xico y representantes de la Ciudad de C\u00f3rdoba vinculados al sector de la Econom\u00eda Circular.<\/p>\n\n\n\n<p>La reuni\u00f3n fue liderada por <a href=\"https:\/\/ch.linkedin.com\/in\/esteban-mezzano\" rel=\"noopener\">Esteban Mezzano,<\/a> coordinador Exterior de Acento Global, y Fadlala Akabani Hneide, secretario de Desarrollo Econ\u00f3mico de Ciudad de M\u00e9xico. La reuni\u00f3n tuvo como objetivo conocer de cerca cu\u00e1l fue el proceso que atraves\u00f3 la ciudad mexicana para llegar a promulgar su Ley de Econom\u00eda Circular en marzo de este a\u00f1o.<\/p>\n\n\n\n<p>Los representantes de ese distrito contaron los diferentes pasos para llegar a la promulgaci\u00f3n y el proceso que est\u00e1n atravesando para su reglamentaci\u00f3n. A su vez, detallaron qu\u00e9 fortalezas tiene la ley y cu\u00e1les fueron sus principales desaf\u00edos.<\/p>\n\n\n\n<p>En este intercambio tambi\u00e9n hubo algunas sugerencias para la Ciudad de C\u00f3rdoba y se convers\u00f3 sobre la posibilidad de explorar la oportunidad de una colaboraci\u00f3n mediante un acuerdo de cooperaci\u00f3n entre C\u00f3rdoba Acelera, el Centro de Excelencia de Econom\u00eda Circular y la Secretar\u00eda de Desarrollo de la Ciudad de M\u00e9xico.<\/p>\n\n\n\n<div style=\"height:29px\" aria-hidden=\"true\" class=\"wp-block-spacer\"><\/div>\n\n\n\n<figure class=\"wp-block-image size-large\"><a href=\"https:\/\/cordobaacelera.com.ar\/acentoglobal\/wp-content\/uploads\/2023\/10\/WhatsApp-Image-2023-09-28-at-14.20.37.jpeg\"><img fetchpriority=\"high\" decoding=\"async\" width=\"1024\" height=\"484\" src=\"https:\/\/cordobaacelera.com.ar\/acentoglobal\/wp-content\/uploads\/2023\/10\/WhatsApp-Image-2023-09-28-at-14.20.37-1024x484.jpeg\" alt=\"\" class=\"wp-image-1462\" srcset=\"https:\/\/cordobaacelera.com.ar\/acentoglobal\/wp-content\/uploads\/2023\/10\/WhatsApp-Image-2023-09-28-at-14.20.37-1024x484.jpeg 1024w, https:\/\/cordobaacelera.com.ar\/acentoglobal\/wp-content\/uploads\/2023\/10\/WhatsApp-Image-2023-09-28-at-14.20.37-300x142.jpeg 300w, https:\/\/cordobaacelera.com.ar\/acentoglobal\/wp-content\/uploads\/2023\/10\/WhatsApp-Image-2023-09-28-at-14.20.37-768x363.jpeg 768w, https:\/\/cordobaacelera.com.ar\/acentoglobal\/wp-content\/uploads\/2023\/10\/WhatsApp-Image-2023-09-28-at-14.20.37.jpeg 1349w\" sizes=\"(max-width: 1024px) 100vw, 1024px\" \/><\/a><\/figure>\n\n\n\n<div style=\"height:29px\" aria-hidden=\"true\" class=\"wp-block-spacer\"><\/div>\n\n\n\n<h2 class=\"wp-block-heading\"><strong>Encuentro con Luz Hern\u00e1ndez, referente en el armado de la ordenanza<\/strong><\/h2>\n\n\n\n<p>El jueves 12 de octubre hubo un segundo encuentro con Luz Hern\u00e1ndez, asesora de Pol\u00edticas P\u00fablicas de la secretar\u00eda de Desarrollo Econ\u00f3mico de Ciudad de M\u00e9xico y principal referente en el armado de la ley de Econom\u00eda Circular.<\/p>\n\n\n\n<p>De esa reuni\u00f3n participaron representantes del ente C\u00f3rdoba Obras y Servicios, de la empresa C\u00f3rdoba&nbsp;Recicla Sociedad del Estado&nbsp;y miembros de Acento Global vinculados al sector.<\/p>\n\n\n\n<p> La representante de Ciudad de M\u00e9xico dio a conocer en profundidad c\u00f3mo fue el proceso de armado de la ley y cu\u00e1les son las bases sobre las que se apoya. Hubo un espacio de intercambio y consultas; y, finalmente, se acord\u00f3 la continuidad de este intercambio con reuniones grupales o individuales para pensar los indicadores sobre los que se construir\u00eda una ley similar en la Ciudad de C\u00f3rdoba.<\/p>\n","protected":false},"excerpt":{"rendered":"<p>El lunes 25 de septiembre organizamos un encuentro entre la Secretar\u00eda de Desarrollo Econ\u00f3mico de Ciudad de M\u00e9xico y representantes de la Ciudad de C\u00f3rdoba vinculados al sector de la Econom\u00eda Circular. La reuni\u00f3n fue liderada por Esteban Mezzano, coordinador Exterior de Acento Global, y Fadlala Akabani Hneide, secretario de Desarrollo Econ\u00f3mico de Ciudad de [&hellip;]<\/p>\n","protected":false},"author":3,"featured_media":1478,"comment_status":"open","ping_status":"open","sticky":false,"template":"","format":"standard","meta":{"_acf_changed":false,"footnotes":""},"categories":[7],"tags":[8,67,10,11,48,70,52,68,69,33,13],"class_list":["post-1455","post","type-post","status-publish","format-standard","has-post-thumbnail","hentry","category-novedades","tag-acento-global","tag-ciudad-de-mexico","tag-cordoba","tag-cordobeses","tag-economia-circular","tag-fadlala-akabani-hneide","tag-latinoamerica","tag-ley","tag-luz-hernandez","tag-mundo","tag-red"],"acf":[],"_links":{"self":[{"href":"https:\/\/cordobaacelera.com.ar\/acentoglobal\/wp-json\/wp\/v2\/posts\/1455","targetHints":{"allow":["GET"]}}],"collection":[{"href":"https:\/\/cordobaacelera.com.ar\/acentoglobal\/wp-json\/wp\/v2\/posts"}],"about":[{"href":"https:\/\/cordobaacelera.com.ar\/acentoglobal\/wp-json\/wp\/v2\/types\/post"}],"author":[{"embeddable":true,"href":"https:\/\/cordobaacelera.com.ar\/acentoglobal\/wp-json\/wp\/v2\/users\/3"}],"replies":[{"embeddable":true,"href":"https:\/\/cordobaacelera.com.ar\/acentoglobal\/wp-json\/wp\/v2\/comments?post=1455"}],"version-history":[{"count":7,"href":"https:\/\/cordobaacelera.com.ar\/acentoglobal\/wp-json\/wp\/v2\/posts\/1455\/revisions"}],"predecessor-version":[{"id":1569,"href":"https:\/\/cordobaacelera.com.ar\/acentoglobal\/wp-json\/wp\/v2\/posts\/1455\/revisions\/1569"}],"wp:featuredmedia":[{"embeddable":true,"href":"https:\/\/cordobaacelera.com.ar\/acentoglobal\/wp-json\/wp\/v2\/media\/1478"}],"wp:attachment":[{"href":"https:\/\/cordobaacelera.com.ar\/acentoglobal\/wp-json\/wp\/v2\/media?parent=1455"}],"wp:term":[{"taxonomy":"category","embeddable":true,"href":"https:\/\/cordobaacelera.com.ar\/acentoglobal\/wp-json\/wp\/v2\/categories?post=1455"},{"taxonomy":"post_tag","embeddable":true,"href":"https:\/\/cordobaacelera.com.ar\/acentoglobal\/wp-json\/wp\/v2\/tags?post=1455"}],"curies":[{"name":"wp","href":"https:\/\/api.w.org\/{rel}","templated":true}]}}