{"id":1274,"date":"2023-08-07T19:07:58","date_gmt":"2023-08-07T19:07:58","guid":{"rendered":"https:\/\/cordobaacelera.com.ar\/acentoglobal\/?p=1274"},"modified":"2023-11-21T18:33:58","modified_gmt":"2023-11-21T18:33:58","slug":"orgullo-cordobes","status":"publish","type":"post","link":"https:\/\/cordobaacelera.com.ar\/acentoglobal\/orgullo-cordobes\/","title":{"rendered":"Orgullo cordob\u00e9s"},"content":{"rendered":"\n<p>Santiago Carreras y Juan Cruz Mall\u00eda, dos talentosos deportistas que forman parte de #AcentoGlobal, fueron convocados para representar a Argentina &#x1f1e6;&#x1f1f7; en el Mundial de Rugby de Francia 2023 . Esta noticia no s\u00f3lo nos alegra a nosotros sino tambi\u00e9n a la comunidad deportiva y a los seguidores del rugby argentino.<\/p>\n\n\n\n<p>Santiago Carreras y Juan Cruz Mall\u00eda, con sus habilidades excepcionales y su dedicaci\u00f3n al deporte, han demostrado ser verdaderos embajadores del rugby argentino y del gen cordob\u00e9s.<\/p>\n\n\n\n<p>Este logro es un motivo de orgullo para la provincia de C\u00f3rdoba y para todo Argentina. La pasi\u00f3n y el compromiso que Carreras y Mall\u00eda han demostrado en el campo de juego han inspirado a generaciones de j\u00f3venes jugadores de rugby, y su presencia en el escenario mundial del rugby es motivo de celebraci\u00f3n.<\/p>\n\n\n\n<p>\u00a1Vamos Argentina!<\/p>\n","protected":false},"excerpt":{"rendered":"<p>Santiago Carreras y Juan Cruz Mall\u00eda, dos talentosos deportistas que forman parte de #AcentoGlobal, fueron convocados para representar a Argentina &#x1f1e6;&#x1f1f7; en el Mundial de Rugby de Francia 2023 . Esta noticia no s\u00f3lo nos alegra a nosotros sino tambi\u00e9n a la comunidad deportiva y a los seguidores del rugby argentino. Santiago Carreras y Juan [&hellip;]<\/p>\n","protected":false},"author":3,"featured_media":1275,"comment_status":"open","ping_status":"open","sticky":false,"template":"","format":"standard","meta":{"_acf_changed":false,"footnotes":""},"categories":[7],"tags":[8,10,11,62,52,61,33,13,60],"class_list":["post-1274","post","type-post","status-publish","format-standard","has-post-thumbnail","hentry","category-novedades","tag-acento-global","tag-cordoba","tag-cordobeses","tag-deporte","tag-latinoamerica","tag-mundial","tag-mundo","tag-red","tag-rugby"],"acf":[],"_links":{"self":[{"href":"https:\/\/cordobaacelera.com.ar\/acentoglobal\/wp-json\/wp\/v2\/posts\/1274","targetHints":{"allow":["GET"]}}],"collection":[{"href":"https:\/\/cordobaacelera.com.ar\/acentoglobal\/wp-json\/wp\/v2\/posts"}],"about":[{"href":"https:\/\/cordobaacelera.com.ar\/acentoglobal\/wp-json\/wp\/v2\/types\/post"}],"author":[{"embeddable":true,"href":"https:\/\/cordobaacelera.com.ar\/acentoglobal\/wp-json\/wp\/v2\/users\/3"}],"replies":[{"embeddable":true,"href":"https:\/\/cordobaacelera.com.ar\/acentoglobal\/wp-json\/wp\/v2\/comments?post=1274"}],"version-history":[{"count":6,"href":"https:\/\/cordobaacelera.com.ar\/acentoglobal\/wp-json\/wp\/v2\/posts\/1274\/revisions"}],"predecessor-version":[{"id":1572,"href":"https:\/\/cordobaacelera.com.ar\/acentoglobal\/wp-json\/wp\/v2\/posts\/1274\/revisions\/1572"}],"wp:featuredmedia":[{"embeddable":true,"href":"https:\/\/cordobaacelera.com.ar\/acentoglobal\/wp-json\/wp\/v2\/media\/1275"}],"wp:attachment":[{"href":"https:\/\/cordobaacelera.com.ar\/acentoglobal\/wp-json\/wp\/v2\/media?parent=1274"}],"wp:term":[{"taxonomy":"category","embeddable":true,"href":"https:\/\/cordobaacelera.com.ar\/acentoglobal\/wp-json\/wp\/v2\/categories?post=1274"},{"taxonomy":"post_tag","embeddable":true,"href":"https:\/\/cordobaacelera.com.ar\/acentoglobal\/wp-json\/wp\/v2\/tags?post=1274"}],"curies":[{"name":"wp","href":"https:\/\/api.w.org\/{rel}","templated":true}]}}