{"id":1269,"date":"2023-08-11T19:01:12","date_gmt":"2023-08-11T19:01:12","guid":{"rendered":"https:\/\/cordobaacelera.com.ar\/acentoglobal\/?p=1269"},"modified":"2023-11-07T17:50:41","modified_gmt":"2023-11-07T17:50:41","slug":"evento-de-capacitacion-financiera-para-estudiantes-de-ultimo-ano-de-secundaria","status":"publish","type":"post","link":"https:\/\/cordobaacelera.com.ar\/acentoglobal\/evento-de-capacitacion-financiera-para-estudiantes-de-ultimo-ano-de-secundaria\/","title":{"rendered":"Evento de capacitaci\u00f3n financiera para estudiantes de \u00faltimo a\u00f1o de secundaria"},"content":{"rendered":"\n<p>Lufindo | EdFinTech y la Municipalidad de C\u00f3rdoba, en colaboraci\u00f3n con Acento Global e Infossep C\u00f3rdoba, se unieron para organizar una jornada de educaci\u00f3n financiera dirigido a estudiantes de \u00faltimo a\u00f1o de secundaria. Este emocionante encuentro no s\u00f3lo trascendi\u00f3 las aulas, sino que sent\u00f3 las bases para un futuro m\u00e1s prometedor.<\/p>\n\n\n\n<p>La sinergia entre el sector p\u00fablico y privado brinda oportunidades para que los j\u00f3venes adquieran habilidades financieras esenciales que impulsar\u00e1n su crecimiento tanto a nivel personal como profesional. La educaci\u00f3n se convierte en una llave que desbloquea oportunidades hacia una vida m\u00e1s segura y pr\u00f3spera, y el compromiso de trabajar juntos para ofrecer esta oportunidad es fundamental.<\/p>\n\n\n\n<p>Celebramos esta valiosa alianza y apostamos por un futuro marcado por la colaboraci\u00f3n y la transformaci\u00f3n.<\/p>\n","protected":false},"excerpt":{"rendered":"<p>Lufindo | EdFinTech y la Municipalidad de C\u00f3rdoba, en colaboraci\u00f3n con Acento Global e Infossep C\u00f3rdoba, se unieron para organizar una jornada de educaci\u00f3n financiera dirigido a estudiantes de \u00faltimo a\u00f1o de secundaria. Este emocionante encuentro no s\u00f3lo trascendi\u00f3 las aulas, sino que sent\u00f3 las bases para un futuro m\u00e1s prometedor. La sinergia entre el [&hellip;]<\/p>\n","protected":false},"author":3,"featured_media":1272,"comment_status":"open","ping_status":"open","sticky":false,"template":"","format":"standard","meta":{"_acf_changed":false,"footnotes":""},"categories":[7],"tags":[8,10,11,58,47,59,42,33,37,13],"class_list":["post-1269","post","type-post","status-publish","format-standard","has-post-thumbnail","hentry","category-novedades","tag-acento-global","tag-cordoba","tag-cordobeses","tag-educacion","tag-emprendimientos","tag-finanzas","tag-innovacion","tag-mundo","tag-programa","tag-red"],"acf":[],"_links":{"self":[{"href":"https:\/\/cordobaacelera.com.ar\/acentoglobal\/wp-json\/wp\/v2\/posts\/1269","targetHints":{"allow":["GET"]}}],"collection":[{"href":"https:\/\/cordobaacelera.com.ar\/acentoglobal\/wp-json\/wp\/v2\/posts"}],"about":[{"href":"https:\/\/cordobaacelera.com.ar\/acentoglobal\/wp-json\/wp\/v2\/types\/post"}],"author":[{"embeddable":true,"href":"https:\/\/cordobaacelera.com.ar\/acentoglobal\/wp-json\/wp\/v2\/users\/3"}],"replies":[{"embeddable":true,"href":"https:\/\/cordobaacelera.com.ar\/acentoglobal\/wp-json\/wp\/v2\/comments?post=1269"}],"version-history":[{"count":5,"href":"https:\/\/cordobaacelera.com.ar\/acentoglobal\/wp-json\/wp\/v2\/posts\/1269\/revisions"}],"predecessor-version":[{"id":1529,"href":"https:\/\/cordobaacelera.com.ar\/acentoglobal\/wp-json\/wp\/v2\/posts\/1269\/revisions\/1529"}],"wp:featuredmedia":[{"embeddable":true,"href":"https:\/\/cordobaacelera.com.ar\/acentoglobal\/wp-json\/wp\/v2\/media\/1272"}],"wp:attachment":[{"href":"https:\/\/cordobaacelera.com.ar\/acentoglobal\/wp-json\/wp\/v2\/media?parent=1269"}],"wp:term":[{"taxonomy":"category","embeddable":true,"href":"https:\/\/cordobaacelera.com.ar\/acentoglobal\/wp-json\/wp\/v2\/categories?post=1269"},{"taxonomy":"post_tag","embeddable":true,"href":"https:\/\/cordobaacelera.com.ar\/acentoglobal\/wp-json\/wp\/v2\/tags?post=1269"}],"curies":[{"name":"wp","href":"https:\/\/api.w.org\/{rel}","templated":true}]}}