{"id":1265,"date":"2023-08-12T13:58:00","date_gmt":"2023-08-12T13:58:00","guid":{"rendered":"https:\/\/cordobaacelera.com.ar\/acentoglobal\/?p=1265"},"modified":"2023-11-21T18:37:28","modified_gmt":"2023-11-21T18:37:28","slug":"el-actor-marcelo-de-arteaga-visito-la-oficina-de-cordoba-acelera","status":"publish","type":"post","link":"https:\/\/cordobaacelera.com.ar\/acentoglobal\/el-actor-marcelo-de-arteaga-visito-la-oficina-de-cordoba-acelera\/","title":{"rendered":"El actor Marcelo Arteaga visit\u00f3 la oficina de C\u00f3rdoba Acelera"},"content":{"rendered":"\n<p><a href=\"http:\/\/www.cordobaacelera.com.ar\">C\u00f3rdoba Acelera<\/a> y Acento Global recibieron en Capitalinas a Marcelo Arteaga, un talentoso actor cordob\u00e9s con renombre internacional que se destaca en las principales esferas audiovisuales. En esta reuni\u00f3n se convers\u00f3 sobre la difusi\u00f3n de programas audiovisuales en Brasil, Madrid y Miami y la posibilidad de traer proyectos, grabaciones y pel\u00edculas a la ciudad.<\/p>\n\n\n\n<p>Marcelo brill\u00f3 en notables roles art\u00edsticos, sobresaliendo actualmente en la reciente pel\u00edcula \u00abGranizo\u00bb junto a Guillermo Francella y entregando una destacada interpretaci\u00f3n en la serie \u00abSe\u00f1ora Acero\u00bb de Telemundo Miami, disponible en Netflix.<\/p>\n\n\n\n<p>Su destacada trayectoria art\u00edstica incluye participaciones memorables en producciones como \u00abLos Simuladores\u00bb, \u00abCasados con hijos\u00bb, \u00abFloricienta\u00bb, \u00abMontecristo\u00bb, \u00abAlma Pirata\u00bb, \u00abSon Amores\u00bb, \u00abLos secretos de Pap\u00e1\u00bb, \u00abLa ley del amor\u00bb, \u00abCostumbres Argentinas\u00bb, \u00abCasi \u00c1ngeles\u00bb, \u00abLos Protectores\u00bb, entre otros proyectos destacados.<\/p>\n","protected":false},"excerpt":{"rendered":"<p>C\u00f3rdoba Acelera y Acento Global recibieron en Capitalinas a Marcelo Arteaga, un talentoso actor cordob\u00e9s con renombre internacional que se destaca en las principales esferas audiovisuales. En esta reuni\u00f3n se convers\u00f3 sobre la difusi\u00f3n de programas audiovisuales en Brasil, Madrid y Miami y la posibilidad de traer proyectos, grabaciones y pel\u00edculas a la ciudad. Marcelo [&hellip;]<\/p>\n","protected":false},"author":3,"featured_media":1266,"comment_status":"open","ping_status":"open","sticky":false,"template":"","format":"standard","meta":{"_acf_changed":false,"footnotes":""},"categories":[7],"tags":[8,57,10,11,52,33,13],"class_list":["post-1265","post","type-post","status-publish","format-standard","has-post-thumbnail","hentry","category-novedades","tag-acento-global","tag-actores-argentinos","tag-cordoba","tag-cordobeses","tag-latinoamerica","tag-mundo","tag-red"],"acf":[],"_links":{"self":[{"href":"https:\/\/cordobaacelera.com.ar\/acentoglobal\/wp-json\/wp\/v2\/posts\/1265","targetHints":{"allow":["GET"]}}],"collection":[{"href":"https:\/\/cordobaacelera.com.ar\/acentoglobal\/wp-json\/wp\/v2\/posts"}],"about":[{"href":"https:\/\/cordobaacelera.com.ar\/acentoglobal\/wp-json\/wp\/v2\/types\/post"}],"author":[{"embeddable":true,"href":"https:\/\/cordobaacelera.com.ar\/acentoglobal\/wp-json\/wp\/v2\/users\/3"}],"replies":[{"embeddable":true,"href":"https:\/\/cordobaacelera.com.ar\/acentoglobal\/wp-json\/wp\/v2\/comments?post=1265"}],"version-history":[{"count":6,"href":"https:\/\/cordobaacelera.com.ar\/acentoglobal\/wp-json\/wp\/v2\/posts\/1265\/revisions"}],"predecessor-version":[{"id":1577,"href":"https:\/\/cordobaacelera.com.ar\/acentoglobal\/wp-json\/wp\/v2\/posts\/1265\/revisions\/1577"}],"wp:featuredmedia":[{"embeddable":true,"href":"https:\/\/cordobaacelera.com.ar\/acentoglobal\/wp-json\/wp\/v2\/media\/1266"}],"wp:attachment":[{"href":"https:\/\/cordobaacelera.com.ar\/acentoglobal\/wp-json\/wp\/v2\/media?parent=1265"}],"wp:term":[{"taxonomy":"category","embeddable":true,"href":"https:\/\/cordobaacelera.com.ar\/acentoglobal\/wp-json\/wp\/v2\/categories?post=1265"},{"taxonomy":"post_tag","embeddable":true,"href":"https:\/\/cordobaacelera.com.ar\/acentoglobal\/wp-json\/wp\/v2\/tags?post=1265"}],"curies":[{"name":"wp","href":"https:\/\/api.w.org\/{rel}","templated":true}]}}