{"id":1231,"date":"2023-07-05T19:15:43","date_gmt":"2023-07-05T19:15:43","guid":{"rendered":"https:\/\/cordobaacelera.com.ar\/acentoglobal\/?p=1231"},"modified":"2023-11-07T17:51:52","modified_gmt":"2023-11-07T17:51:52","slug":"trabajamos-por-una-cordoba-sustentable","status":"publish","type":"post","link":"https:\/\/cordobaacelera.com.ar\/acentoglobal\/trabajamos-por-una-cordoba-sustentable\/","title":{"rendered":"Trabajamos por una C\u00f3rdoba sustentable"},"content":{"rendered":"\n<p>Desde <em>Acento Global<\/em> llevamos adelante un encuentro para articular con los miembros de la red que se nuclean en el pilar de la <strong>econom\u00eda circular<\/strong>.&nbsp;<\/p>\n\n\n\n<p>Esta reuni\u00f3n virtual se desarroll\u00f3 con el objetivo de generar ideas y pensar proyectos vinculados al desarrollo sostenible, el crecimiento econ\u00f3mico y social en la ciudad.<\/p>\n\n\n\n<p>En esta l\u00ednea se definieron los ejes tem\u00e1ticos dentro de la comunidad para organizar la agenda local y se pensaron iniciativas concretas para trabajar desde <strong>C\u00f3rdoba Acelera<\/strong> y a trav\u00e9s de la red.<\/p>\n\n\n\n<p><strong>Entre las principales iniciativas surgieron<\/strong>:<\/p>\n\n\n\n<p>-Convertir a la ciudad en faro en la tem\u00e1tica y trabajar desde la comunidad en un proyecto del eje sostenible para ser vidriera al mundo del mundo.<\/p>\n\n\n\n<p>-Abordar la tem\u00e1tica implementando herramientas digitales, inteligencia artificial, m\u00e9tricas de impactos, para medir ODS para ciudad.<\/p>\n\n\n\n<p>-Mejorar la estrategia de sostenibilidad de las empresas cordobesas generando m\u00e9tricas, KPIS y promoviendo acciones que impacten en los reportes de sostenibilidad, de la mano de los miembros de los cuatro pilares.<\/p>\n\n\n\n<p>-Realizar un intercambio con la ciudad de M\u00e9xico para transferencia del conocimiento.<\/p>\n\n\n\n<p>-Generar oportunidades de la mano de aceleradoras para potenciar la econom\u00eda circular.<\/p>\n","protected":false},"excerpt":{"rendered":"<p>Desde Acento Global llevamos adelante un encuentro para articular con los miembros de la red que se nuclean en el pilar de la econom\u00eda circular.&nbsp; Esta reuni\u00f3n virtual se desarroll\u00f3 con el objetivo de generar ideas y pensar proyectos vinculados al desarrollo sostenible, el crecimiento econ\u00f3mico y social en la ciudad. En esta l\u00ednea se [&hellip;]<\/p>\n","protected":false},"author":3,"featured_media":1246,"comment_status":"open","ping_status":"open","sticky":false,"template":"","format":"standard","meta":{"_acf_changed":false,"footnotes":""},"categories":[7],"tags":[8,10,48,50,49],"class_list":["post-1231","post","type-post","status-publish","format-standard","has-post-thumbnail","hentry","category-novedades","tag-acento-global","tag-cordoba","tag-economia-circular","tag-propuestas","tag-proyectos"],"acf":[],"_links":{"self":[{"href":"https:\/\/cordobaacelera.com.ar\/acentoglobal\/wp-json\/wp\/v2\/posts\/1231","targetHints":{"allow":["GET"]}}],"collection":[{"href":"https:\/\/cordobaacelera.com.ar\/acentoglobal\/wp-json\/wp\/v2\/posts"}],"about":[{"href":"https:\/\/cordobaacelera.com.ar\/acentoglobal\/wp-json\/wp\/v2\/types\/post"}],"author":[{"embeddable":true,"href":"https:\/\/cordobaacelera.com.ar\/acentoglobal\/wp-json\/wp\/v2\/users\/3"}],"replies":[{"embeddable":true,"href":"https:\/\/cordobaacelera.com.ar\/acentoglobal\/wp-json\/wp\/v2\/comments?post=1231"}],"version-history":[{"count":4,"href":"https:\/\/cordobaacelera.com.ar\/acentoglobal\/wp-json\/wp\/v2\/posts\/1231\/revisions"}],"predecessor-version":[{"id":1533,"href":"https:\/\/cordobaacelera.com.ar\/acentoglobal\/wp-json\/wp\/v2\/posts\/1231\/revisions\/1533"}],"wp:featuredmedia":[{"embeddable":true,"href":"https:\/\/cordobaacelera.com.ar\/acentoglobal\/wp-json\/wp\/v2\/media\/1246"}],"wp:attachment":[{"href":"https:\/\/cordobaacelera.com.ar\/acentoglobal\/wp-json\/wp\/v2\/media?parent=1231"}],"wp:term":[{"taxonomy":"category","embeddable":true,"href":"https:\/\/cordobaacelera.com.ar\/acentoglobal\/wp-json\/wp\/v2\/categories?post=1231"},{"taxonomy":"post_tag","embeddable":true,"href":"https:\/\/cordobaacelera.com.ar\/acentoglobal\/wp-json\/wp\/v2\/tags?post=1231"}],"curies":[{"name":"wp","href":"https:\/\/api.w.org\/{rel}","templated":true}]}}