{"id":1179,"date":"2023-05-15T15:27:08","date_gmt":"2023-05-15T15:27:08","guid":{"rendered":"https:\/\/cordobaacelera.com.ar\/acentoglobal\/?p=1179"},"modified":"2023-11-07T17:53:15","modified_gmt":"2023-11-07T17:53:15","slug":"pusimos-en-marcha-el-ciclo-tendenciasconacento","status":"publish","type":"post","link":"https:\/\/cordobaacelera.com.ar\/acentoglobal\/pusimos-en-marcha-el-ciclo-tendenciasconacento\/","title":{"rendered":"Pusimos en marcha el ciclo #TendenciasConAcento"},"content":{"rendered":"\n<p>Pusimos en marcha #TendenciasConAcento, un ciclo de charlas y capacitaciones virtuales para impulsar la comunidad de cordobeses por el mundo a trav\u00e9s del trabajo colaborativo y la ense\u00f1anza a distancia.<\/p>\n\n\n\n<p>El objetivo de la iniciativa es que los propios miembros de la red combinen las tendencias que marcan su ciudad de residencia con su profesi\u00f3n, para orientar y sumergir en la tem\u00e1tica a otros participantes de <em>Acento Global<\/em> y a empresarios y funcionarios cordobeses.<\/p>\n\n\n\n<p>En este marco, representantes de empresas cordobesas participaron de la capacitaci\u00f3n sobre \u201cDiversidad: equidad e inclusi\u00f3n en el sector privado\u201d, a cargo de Nahuel Saluzzio, presidente de la Asociaci\u00f3n de Profesionales Argentinos del Reino Unido.<\/p>\n\n\n\n<p>La pr\u00f3xima charla ser\u00e1 el martes 16 de mayo, bajo el t\u00edtulo \u201cLa urgencia de la Econom\u00eda Circular: \u00bfC\u00f3mo producimos, consumimos y desechamos?\u201d, destinado principalmente al sector gastron\u00f3mico.<\/p>\n\n\n\n<p>La disertante ser\u00e1 Cynthia Arizzi, miembro de<em> Acento Global <\/em>y licenciada en Recursos Humanos graduada por el Instituto Universitario Aeron\u00e1utico en la ciudad de C\u00f3rdoba. Trabaj\u00f3 durante 20 a\u00f1os en compa\u00f1\u00edas multinacionales y empresas locales. En 2017 fund\u00f3 su propia agencia de turismo educativo, Gappertime. Desde 2021 vive, trabaja y realiza estudios de maestr\u00eda en Finlandia con foco en sustentabilidad.<\/p>\n\n\n\n<p>De esta manera, <em>Acento Global<\/em> busca conectar las tendencias que marcan el presente y el futuro con actores locales, para lograr una #C\u00f3rdobaCapital m\u00e1s integrada al mundo.<\/p>\n","protected":false},"excerpt":{"rendered":"<p>Pusimos en marcha #TendenciasConAcento, un ciclo de charlas y capacitaciones virtuales para impulsar la comunidad de cordobeses por el mundo a trav\u00e9s del trabajo colaborativo y la ense\u00f1anza a distancia. El objetivo de la iniciativa es que los propios miembros de la red combinen las tendencias que marcan su ciudad de residencia con su profesi\u00f3n, [&hellip;]<\/p>\n","protected":false},"author":3,"featured_media":1182,"comment_status":"open","ping_status":"open","sticky":false,"template":"","format":"standard","meta":{"_acf_changed":false,"footnotes":""},"categories":[7],"tags":[8,27,28,26,29],"class_list":["post-1179","post","type-post","status-publish","format-standard","has-post-thumbnail","hentry","category-novedades","tag-acento-global","tag-charlas","tag-seminario","tag-tendecias","tag-webinar"],"acf":[],"_links":{"self":[{"href":"https:\/\/cordobaacelera.com.ar\/acentoglobal\/wp-json\/wp\/v2\/posts\/1179","targetHints":{"allow":["GET"]}}],"collection":[{"href":"https:\/\/cordobaacelera.com.ar\/acentoglobal\/wp-json\/wp\/v2\/posts"}],"about":[{"href":"https:\/\/cordobaacelera.com.ar\/acentoglobal\/wp-json\/wp\/v2\/types\/post"}],"author":[{"embeddable":true,"href":"https:\/\/cordobaacelera.com.ar\/acentoglobal\/wp-json\/wp\/v2\/users\/3"}],"replies":[{"embeddable":true,"href":"https:\/\/cordobaacelera.com.ar\/acentoglobal\/wp-json\/wp\/v2\/comments?post=1179"}],"version-history":[{"count":3,"href":"https:\/\/cordobaacelera.com.ar\/acentoglobal\/wp-json\/wp\/v2\/posts\/1179\/revisions"}],"predecessor-version":[{"id":1540,"href":"https:\/\/cordobaacelera.com.ar\/acentoglobal\/wp-json\/wp\/v2\/posts\/1179\/revisions\/1540"}],"wp:featuredmedia":[{"embeddable":true,"href":"https:\/\/cordobaacelera.com.ar\/acentoglobal\/wp-json\/wp\/v2\/media\/1182"}],"wp:attachment":[{"href":"https:\/\/cordobaacelera.com.ar\/acentoglobal\/wp-json\/wp\/v2\/media?parent=1179"}],"wp:term":[{"taxonomy":"category","embeddable":true,"href":"https:\/\/cordobaacelera.com.ar\/acentoglobal\/wp-json\/wp\/v2\/categories?post=1179"},{"taxonomy":"post_tag","embeddable":true,"href":"https:\/\/cordobaacelera.com.ar\/acentoglobal\/wp-json\/wp\/v2\/tags?post=1179"}],"curies":[{"name":"wp","href":"https:\/\/api.w.org\/{rel}","templated":true}]}}