{"id":1056,"date":"2022-11-18T15:38:00","date_gmt":"2022-11-18T15:38:00","guid":{"rendered":"https:\/\/cordobaacelera.com.ar\/acentoglobal\/?p=1056"},"modified":"2023-11-07T17:54:38","modified_gmt":"2023-11-07T17:54:38","slug":"lanzamos-acento-global","status":"publish","type":"post","link":"https:\/\/cordobaacelera.com.ar\/acentoglobal\/lanzamos-acento-global\/","title":{"rendered":"Lanzamos \u201cAcento Global\u201d"},"content":{"rendered":"\n<h1 class=\"wp-block-heading\">La red mundial de cordobeses&nbsp;con proyectos que desarrollen la ciudad<\/h1>\n\n\n\n<p>Lanzamos <em>Acento Global<\/em>, la red que vincula a cordobeses destacados y personas identificadas con la ciudad radicadas en el exterior, para la generaci\u00f3n de oportunidades de proyecci\u00f3n internacional de <strong>C\u00f3rdoba Capital<\/strong>.<\/p>\n\n\n\n<p>Se trata de un programa impulsado por <strong>C\u00f3rdoba Acelera<\/strong>, un organismo que combina la gesti\u00f3n y liderazgo de la Municipalidad con el potencial del sector privado para incentivar el desarrollo productivo de la ciudad a trav\u00e9s de la innovaci\u00f3n.<\/p>\n\n\n\n<p>Bajo el lema <em>\u201cCordobeses por el mundo\u201d<\/em>, creamos una red que establezca lazos estrat\u00e9gicos entre actores locales, empresas, profesionales y emprendedores expatriados.<\/p>\n\n\n\n<p>La idea es sumar <strong>experiencias, generar oportunidades y conexiones para fortalecer el posicionamiento de C\u00f3rdoba en el exterior<\/strong>, as\u00ed como atraer inversores, turismo, estudiantes y promover una mayor innovaci\u00f3n.<\/p>\n\n\n\n<p>\u201cUstedes van a ser embajadores para que C\u00f3rdoba se integre directamente al mundo sin tener que pasar por Buenos Aires\u201d, resalt\u00f3 el intendente <strong>Mart\u00edn Llaryora<\/strong> sobre el rol que ocupan los integrantes de la red.<\/p>\n\n\n\n<p>La iniciativa refuerza la articulaci\u00f3n de las pol\u00edticas p\u00fablicas impulsadas por el intendente Llaryora, orientadas hacia modelos que integren las <strong>\u201c4C\u201d de la nueva econom\u00eda: Conocimiento, Creativa, Circular y Comunitaria<\/strong>.<\/p>\n\n\n\n<p>El evento se realiz\u00f3 el viernes 18 de noviembre en el Teatro Real en modalidad blended: Adem\u00e1s del intendente, en el acto presencial estuvieron los miembros del Consejo Consultivo de C\u00f3rdoba Acelera: Juan Carlos Rabbat, Juan Negri, P\u00eda Astori, Mery Lunge, Juan Santiago y Guillermo Acosta.<\/p>\n\n\n\n<p>\u201cAcento Global viene a ser un viejo anhelo de los cordobeses de constituir una red mundial con ciudadanos que est\u00e1n en distintos pa\u00edses del mundo y que contribuyan a generar mayores oportunidades para C\u00f3rdoba\u201d, destac\u00f3 <strong>Rabbat<\/strong>.<\/p>\n\n\n\n<p>Mientras que la participaci\u00f3n virtual estuvo a cargo de <strong>Esteban Mezzano<\/strong>, coordinador del programa desde Suiza, junto a m\u00e1s de 30 cordobeses referentes de negocios y emprendimientos del mundo establecidos en Noruega, Suecia, Israel, EE.UU, B\u00e9lgica, M\u00e9jico, Italia, Espa\u00f1a, Emiratos \u00c1rabes Unidos, Pa\u00edses Bajos, Brasil, Chile, Francia y Argentina.<\/p>\n\n\n\n<p>\u201cDesde hace un tiempo buscaba una oportunidad para volcar todo lo aprendido en mis distintas experiencias laborales en el exterior para mi comunidad de origen, y la propuesta de Acento Global me entusiasm\u00f3 de inmediato\u201d, dijo Mezzano.<\/p>\n","protected":false},"excerpt":{"rendered":"<p>Los integrantes de la comunidad son cordobeses que se destacan por su talento y profesi\u00f3n en distintos pa\u00edses.<\/p>\n","protected":false},"author":3,"featured_media":1059,"comment_status":"open","ping_status":"open","sticky":false,"template":"","format":"standard","meta":{"_acf_changed":false,"footnotes":""},"categories":[7],"tags":[8,10,11,9,12,13],"class_list":["post-1056","post","type-post","status-publish","format-standard","has-post-thumbnail","hentry","category-novedades","tag-acento-global","tag-cordoba","tag-cordobeses","tag-martin-llaryora","tag-por-el-mundo","tag-red"],"acf":[],"_links":{"self":[{"href":"https:\/\/cordobaacelera.com.ar\/acentoglobal\/wp-json\/wp\/v2\/posts\/1056","targetHints":{"allow":["GET"]}}],"collection":[{"href":"https:\/\/cordobaacelera.com.ar\/acentoglobal\/wp-json\/wp\/v2\/posts"}],"about":[{"href":"https:\/\/cordobaacelera.com.ar\/acentoglobal\/wp-json\/wp\/v2\/types\/post"}],"author":[{"embeddable":true,"href":"https:\/\/cordobaacelera.com.ar\/acentoglobal\/wp-json\/wp\/v2\/users\/3"}],"replies":[{"embeddable":true,"href":"https:\/\/cordobaacelera.com.ar\/acentoglobal\/wp-json\/wp\/v2\/comments?post=1056"}],"version-history":[{"count":8,"href":"https:\/\/cordobaacelera.com.ar\/acentoglobal\/wp-json\/wp\/v2\/posts\/1056\/revisions"}],"predecessor-version":[{"id":1546,"href":"https:\/\/cordobaacelera.com.ar\/acentoglobal\/wp-json\/wp\/v2\/posts\/1056\/revisions\/1546"}],"wp:featuredmedia":[{"embeddable":true,"href":"https:\/\/cordobaacelera.com.ar\/acentoglobal\/wp-json\/wp\/v2\/media\/1059"}],"wp:attachment":[{"href":"https:\/\/cordobaacelera.com.ar\/acentoglobal\/wp-json\/wp\/v2\/media?parent=1056"}],"wp:term":[{"taxonomy":"category","embeddable":true,"href":"https:\/\/cordobaacelera.com.ar\/acentoglobal\/wp-json\/wp\/v2\/categories?post=1056"},{"taxonomy":"post_tag","embeddable":true,"href":"https:\/\/cordobaacelera.com.ar\/acentoglobal\/wp-json\/wp\/v2\/tags?post=1056"}],"curies":[{"name":"wp","href":"https:\/\/api.w.org\/{rel}","templated":true}]}}